{"id":49,"date":"2025-08-14T18:21:28","date_gmt":"2025-08-14T18:21:28","guid":{"rendered":"https:\/\/showbizua.info\/?p=49"},"modified":"2025-08-14T18:21:28","modified_gmt":"2025-08-14T18:21:28","slug":"mao-francesa-para-prateleira-suporte-seguro-e-design-versatil","status":"publish","type":"post","link":"https:\/\/showbizua.info\/?p=49","title":{"rendered":"M\u00e3o Francesa para Prateleira: Suporte Seguro e Design Vers\u00e1til"},"content":{"rendered":"\n<p>A<a href=\"https:\/\/artcomvidros.com.br\/moo-francesa-para-prateleira\/\"> <strong>m\u00e3o francesa para prateleira<\/strong><\/a> \u00e9 um dos suportes mais utilizados para fixa\u00e7\u00e3o de prateleiras, tanto em ambientes comerciais quanto residenciais. Ela oferece estabilidade, resist\u00eancia e ainda pode contribuir para a est\u00e9tica do espa\u00e7o.<\/p>\n\n\n\n<p>Neste artigo, vamos mostrar como a m\u00e3o francesa pode otimizar a organiza\u00e7\u00e3o e ampliar as possibilidades de decora\u00e7\u00e3o.<\/p>\n\n\n\n<hr class=\"wp-block-separator has-alpha-channel-opacity\"\/>\n\n\n\n<h2 class=\"wp-block-heading\"><strong>O que \u00e9 a m\u00e3o francesa e para que serve?<\/strong><\/h2>\n\n\n\n<p>A m\u00e3o francesa \u00e9 uma pe\u00e7a met\u00e1lica em formato de \u201cL\u201d que serve de suporte para prateleiras. Sua fun\u00e7\u00e3o \u00e9 sustentar o peso dos objetos posicionados sobre elas, evitando deforma\u00e7\u00f5es ou quedas.<\/p>\n\n\n\n<p>Ela \u00e9 amplamente utilizada em:<\/p>\n\n\n\n<ul class=\"wp-block-list\">\n<li>Lojas para exposi\u00e7\u00e3o de produtos.<br><\/li>\n\n\n\n<li>Cozinhas e \u00e1reas de servi\u00e7o.<br><\/li>\n\n\n\n<li>Escrit\u00f3rios para organiza\u00e7\u00e3o de arquivos.<br><\/li>\n\n\n\n<li>Quartos e salas para decora\u00e7\u00e3o.<br><\/li>\n<\/ul>\n\n\n\n<hr class=\"wp-block-separator has-alpha-channel-opacity\"\/>\n\n\n\n<h2 class=\"wp-block-heading\"><strong>Vantagens de usar a m\u00e3o francesa para prateleira<\/strong><\/h2>\n\n\n\n<p>Optar pela m\u00e3o francesa traz benef\u00edcios como:<\/p>\n\n\n\n<ul class=\"wp-block-list\">\n<li><strong>Resist\u00eancia<\/strong> \u2013 Suporta desde objetos leves at\u00e9 cargas mais pesadas.<br><\/li>\n\n\n\n<li><strong>Versatilidade<\/strong> \u2013 Pode ser usada com prateleiras de vidro, madeira ou MDF.<br><\/li>\n\n\n\n<li><strong>F\u00e1cil instala\u00e7\u00e3o<\/strong> \u2013 Requer poucos furos e ferragens simples.<br><\/li>\n\n\n\n<li><strong>Custo-benef\u00edcio<\/strong> \u2013 Durabilidade com investimento acess\u00edvel.<br><\/li>\n<\/ul>\n\n\n\n<p>Na<a href=\"https:\/\/artcomvidros.com.br\/\"> <strong>ArtCom Vidros<\/strong><\/a>, voc\u00ea encontra modelos de m\u00e3o francesa com acabamento de qualidade e alta resist\u00eancia.<\/p>\n\n\n\n<hr class=\"wp-block-separator has-alpha-channel-opacity\"\/>\n\n\n\n<h2 class=\"wp-block-heading\"><strong>Como escolher a m\u00e3o francesa ideal<\/strong><\/h2>\n\n\n\n<p>Alguns fatores devem ser considerados na escolha:<\/p>\n\n\n\n<ol class=\"wp-block-list\">\n<li><strong>Material<\/strong> \u2013 Modelos met\u00e1licos galvanizados ou pintados s\u00e3o mais resistentes \u00e0 corros\u00e3o.<br><\/li>\n\n\n\n<li><strong>Tamanho<\/strong> \u2013 Deve ser compat\u00edvel com a profundidade da prateleira.<br><\/li>\n\n\n\n<li><strong>Acabamento<\/strong> \u2013 Escolha cores e estilos que combinem com o ambiente.<br><\/li>\n<\/ol>\n\n\n\n<p>Integrar a m\u00e3o francesa com outros elementos, como<a href=\"https:\/\/artcomvidros.com.br\/cabides\/cabides-de-madeira\/\"> cabides de madeira<\/a> e suportes para<a href=\"https:\/\/artcomvidros.com.br\/araras-de-roupas\/parede\/\"> araras de parede<\/a>, pode criar solu\u00e7\u00f5es completas para organiza\u00e7\u00e3o.<\/p>\n\n\n\n<hr class=\"wp-block-separator has-alpha-channel-opacity\"\/>\n\n\n\n<h2 class=\"wp-block-heading\"><strong>Instala\u00e7\u00e3o e manuten\u00e7\u00e3o<\/strong><\/h2>\n\n\n\n<p>Para garantir a seguran\u00e7a:<\/p>\n\n\n\n<ul class=\"wp-block-list\">\n<li>Utilize buchas e parafusos adequados ao tipo de parede.<br><\/li>\n\n\n\n<li>Nivele corretamente as m\u00e3os francesas antes de fixar.<br><\/li>\n\n\n\n<li>Evite sobrecarregar al\u00e9m da capacidade indicada pelo fabricante.<br><\/li>\n<\/ul>\n\n\n\n<p>A manuten\u00e7\u00e3o \u00e9 simples, exigindo apenas limpeza peri\u00f3dica para evitar ac\u00famulo de poeira.<\/p>\n\n\n\n<hr class=\"wp-block-separator has-alpha-channel-opacity\"\/>\n\n\n\n<h2 class=\"wp-block-heading\"><strong>Conclus\u00e3o<\/strong><\/h2>\n\n\n\n<p>A<a href=\"https:\/\/artcomvidros.com.br\/moo-francesa-para-prateleira\/\"> <strong>m\u00e3o francesa para prateleira<\/strong><\/a> \u00e9 um item essencial para quem busca funcionalidade e seguran\u00e7a na instala\u00e7\u00e3o de prateleiras. Seja para uso decorativo ou organizacional, investir em um modelo de qualidade garante durabilidade e praticidade.<\/p>\n\n\n\n<p>Para entender mais sobre suportes e sistemas de fixa\u00e7\u00e3o, a Wikip\u00e9dia oferece informa\u00e7\u00f5es t\u00e9cnicas e hist\u00f3ricas sobre o tema.<\/p>\n","protected":false},"excerpt":{"rendered":"<p>A m\u00e3o francesa para prateleira \u00e9 um dos suportes mais utilizados para fixa\u00e7\u00e3o de prateleiras, tanto em ambientes comerciais quanto residenciais. Ela oferece estabilidade, resist\u00eancia e ainda pode contribuir para a est\u00e9tica do espa\u00e7o. Neste artigo, vamos mostrar como a m\u00e3o francesa pode otimizar a organiza\u00e7\u00e3o e ampliar as possibilidades de decora\u00e7\u00e3o. O que \u00e9&#8230;<\/p>\n","protected":false},"author":1,"featured_media":50,"comment_status":"open","ping_status":"open","sticky":false,"template":"","format":"standard","meta":{"footnotes":""},"categories":[1],"tags":[],"class_list":["post-49","post","type-post","status-publish","format-standard","has-post-thumbnail","hentry","category-uncategorized"],"_links":{"self":[{"href":"https:\/\/showbizua.info\/index.php?rest_route=\/wp\/v2\/posts\/49","targetHints":{"allow":["GET"]}}],"collection":[{"href":"https:\/\/showbizua.info\/index.php?rest_route=\/wp\/v2\/posts"}],"about":[{"href":"https:\/\/showbizua.info\/index.php?rest_route=\/wp\/v2\/types\/post"}],"author":[{"embeddable":true,"href":"https:\/\/showbizua.info\/index.php?rest_route=\/wp\/v2\/users\/1"}],"replies":[{"embeddable":true,"href":"https:\/\/showbizua.info\/index.php?rest_route=%2Fwp%2Fv2%2Fcomments&post=49"}],"version-history":[{"count":1,"href":"https:\/\/showbizua.info\/index.php?rest_route=\/wp\/v2\/posts\/49\/revisions"}],"predecessor-version":[{"id":51,"href":"https:\/\/showbizua.info\/index.php?rest_route=\/wp\/v2\/posts\/49\/revisions\/51"}],"wp:featuredmedia":[{"embeddable":true,"href":"https:\/\/showbizua.info\/index.php?rest_route=\/wp\/v2\/media\/50"}],"wp:attachment":[{"href":"https:\/\/showbizua.info\/index.php?rest_route=%2Fwp%2Fv2%2Fmedia&parent=49"}],"wp:term":[{"taxonomy":"category","embeddable":true,"href":"https:\/\/showbizua.info\/index.php?rest_route=%2Fwp%2Fv2%2Fcategories&post=49"},{"taxonomy":"post_tag","embeddable":true,"href":"https:\/\/showbizua.info\/index.php?rest_route=%2Fwp%2Fv2%2Ftags&post=49"}],"curies":[{"name":"wp","href":"https:\/\/api.w.org\/{rel}","templated":true}]}}